{"id":6708,"date":"2017-10-25T00:00:00","date_gmt":"2017-10-25T00:00:00","guid":{"rendered":"\/\/www.thebeach-tulum.com\/dia-de-la-independencia-de-mexico\/"},"modified":"2021-10-27T13:22:27","modified_gmt":"2021-10-27T13:22:27","slug":"dia-de-la-independencia-de-mexico","status":"publish","type":"post","link":"https:\/\/www.thebeach-tulum.com\/es\/blog\/dia-de-la-independencia-de-mexico\/","title":{"rendered":"D\u00cdA DE LA INDEPENDENCIA DE M\u00c9XICO"},"content":{"rendered":"<div class=\"content clearfix\">\n<div id=\"catblogoutput\">\n<div id=\"post-section\" class=\"section-block clearfix no-padding-top\">\n<div class=\"row\">\n<div class=\"column width-8 offset-2 content-inner blog-single-post\">\n<article class=\"post\">\n<div class=\"post-content\">\n<div class=\"center\"><img decoding=\"async\" class=\"aligncenter\" src=\"https:\/\/www.thebeach-tulum.com\/assets\/images\/blog\/032\/viva_mexico.jpg\" alt=\"The Beach Tulum\" align=\"center\" \/><\/div>\n<p>Un error com\u00fan en los EE.UU. y Canad\u00e1 es que creen que el 5 de mayo de alias Cinco de Mayo, es el D\u00eda de la Independencia de M\u00e9xico. De hecho, el 16 de septiembre, M\u00e9xico celebra el D\u00eda de la Independencia &#8211; posiblemente la fiesta nacional del pa\u00eds m\u00e1s importante.<\/p>\n<p><img decoding=\"async\" class=\"alignleft\" src=\"https:\/\/www.thebeach-tulum.com\/assets\/images\/Blog\/032\/bandera_mexico.jpg\" alt=\"Rooftop\" align=\"left\" \/>El Grito de Dolores se refiere al &#8220;llorar&#8221; por la independencia, primero comenz\u00f3 en el pueblo de Dolores, cerca de Guanajuato, el 16 de septiembre de 1810, que marc\u00f3 el inicio de la Guerra de la Independencia de M\u00e9xico. Un sacerdote cat\u00f3lico, Miguel Hidalgo y Costilla, reuni\u00f3 a su congregaci\u00f3n, hizo sonar las campanas de la iglesia y pronunci\u00f3 un discurso en frente de la iglesia, animando a la gente del pueblo a la rebeli\u00f3n &#8211; iniciando as\u00ed un movimiento que tras una d\u00e9cada de guerra, finalmente liberada de la opresiva dominaci\u00f3n colonial espa\u00f1ola de M\u00e9xico.<\/p>\n<p>Septiembre es un mes emocionante para visitar M\u00e9xico &#8211; hay menos gente que en los meses de viaje m\u00e1s populares, septiembre ofrece a los visitantes a los hoteles en Tulum la oportunidad de presenciar aut\u00e9nticas experiencias locales como las celebraciones del D\u00eda de la Independencia de M\u00e9xico. Vendedores ambulantes llevan una multitud de parafernalia de M\u00e9xico con temas como banderas, camisetas, pendientes, y mucho m\u00e1s. Los locales llevan el verde, blanco y rojo con el orgullo nacional y su entusiasmo y amor por la patria es contagiosa.<\/p>\n<p><img decoding=\"async\" class=\"alignright\" src=\"https:\/\/www.thebeach-tulum.com\/assets\/images\/Blog\/032\/banderas_mexico.jpg\" alt=\"The Beach\" align=\"right\" \/>Los visitantes podr\u00e1n disfrutar de entretenimiento regional y nacional como el canto y la danza tradicional, mientras que los ni\u00f1os podr\u00e1n disfrutar de juegos mec\u00e1nicos y juegos manuales. Los vendedores ambulantes tienen una gran cantidad de deliciosa comida y aperitivos mexicanos y todo el mundo puede disfrutar de los fuegos artificiales. Todo esto nos lleva hasta el evento m\u00e1s importante: El Grito. Justo antes de la medianoche el 15 de septiembre, la gente del pueblo se reune en la plaza, agitando sus banderas y llevan con orgullo sus vestimentas mexicanas. justo cuando el reloj marque la medianoche del 16 de septiembre todos gritan y v\u00edtorean, celebrando de nuevo como la primera vez que se declaro la Independencia de M\u00e9xico, muchos a\u00f1os atr\u00e1s.<\/p>\n<\/div>\n<\/article>\n<\/div>\n<\/div>\n<\/div>\n<\/div>\n<\/div>\n<div id=\"modal-book-now-wrap\"><\/div>\n<footer class=\"footer\">\n<div class=\"footer-top bkg-blue-nav no-margin pt-40 no-padding-bottom\"><\/div>\n<\/footer>\n","protected":false},"excerpt":{"rendered":"<p>Un error com\u00fan en los EE.UU. y Canad\u00e1 es que creen que el 5 de mayo de alias Cinco de Mayo, es el D\u00eda de la Independencia de M\u00e9xico. De hecho, el 16 de septiembre, M\u00e9xico celebra el D\u00eda de la Independencia &#8211; posiblemente la fiesta nacional del pa\u00eds m\u00e1s importante. El Grito de Dolores [&hellip;]<\/p>\n","protected":false},"author":5,"featured_media":6488,"comment_status":"closed","ping_status":"closed","sticky":false,"template":"","format":"standard","meta":{"_acf_changed":false,"_uag_custom_page_level_css":"","site-sidebar-layout":"default","site-content-layout":"","ast-site-content-layout":"","site-content-style":"default","site-sidebar-style":"default","ast-global-header-display":"","ast-banner-title-visibility":"","ast-main-header-display":"","ast-hfb-above-header-display":"","ast-hfb-below-header-display":"","ast-hfb-mobile-header-display":"","site-post-title":"","ast-breadcrumbs-content":"","ast-featured-img":"","footer-sml-layout":"","theme-transparent-header-meta":"","adv-header-id-meta":"","stick-header-meta":"","header-above-stick-meta":"","header-main-stick-meta":"","header-below-stick-meta":"","astra-migrate-meta-layouts":"default","ast-page-background-enabled":"default","ast-page-background-meta":{"desktop":{"background-color":"","background-image":"","background-repeat":"repeat","background-position":"center center","background-size":"auto","background-attachment":"scroll","background-type":"","background-media":"","overlay-type":"","overlay-color":"","overlay-opacity":"","overlay-gradient":""},"tablet":{"background-color":"","background-image":"","background-repeat":"repeat","background-position":"center center","background-size":"auto","background-attachment":"scroll","background-type":"","background-media":"","overlay-type":"","overlay-color":"","overlay-opacity":"","overlay-gradient":""},"mobile":{"background-color":"","background-image":"","background-repeat":"repeat","background-position":"center center","background-size":"auto","background-attachment":"scroll","background-type":"","background-media":"","overlay-type":"","overlay-color":"","overlay-opacity":"","overlay-gradient":""}},"ast-content-background-meta":{"desktop":{"background-color":"var(--ast-global-color-5)","background-image":"","background-repeat":"repeat","background-position":"center center","background-size":"auto","background-attachment":"scroll","background-type":"","background-media":"","overlay-type":"","overlay-color":"","overlay-opacity":"","overlay-gradient":""},"tablet":{"background-color":"var(--ast-global-color-5)","background-image":"","background-repeat":"repeat","background-position":"center center","background-size":"auto","background-attachment":"scroll","background-type":"","background-media":"","overlay-type":"","overlay-color":"","overlay-opacity":"","overlay-gradient":""},"mobile":{"background-color":"var(--ast-global-color-5)","background-image":"","background-repeat":"repeat","background-position":"center center","background-size":"auto","background-attachment":"scroll","background-type":"","background-media":"","overlay-type":"","overlay-color":"","overlay-opacity":"","overlay-gradient":""}},"pgc_sgb_lightbox_settings":"","footnotes":""},"categories":[3],"tags":[],"class_list":["post-6708","post","type-post","status-publish","format-standard","has-post-thumbnail","hentry","category-blog"],"acf":[],"yoast_head":"<!-- This site is optimized with the Yoast SEO plugin v24.2 - https:\/\/yoast.com\/wordpress\/plugins\/seo\/ -->\n<title>D\u00cdA DE LA INDEPENDENCIA DE M\u00c9XICO | The Beach Tulum Hotel<\/title>\n<meta name=\"robots\" content=\"index, follow, max-snippet:-1, max-image-preview:large, max-video-preview:-1\" \/>\n<link rel=\"canonical\" href=\"https:\/\/www.thebeach-tulum.com\/es\/blog\/dia-de-la-independencia-de-mexico\/\" \/>\n<meta property=\"og:locale\" content=\"es_ES\" \/>\n<meta property=\"og:type\" content=\"article\" \/>\n<meta property=\"og:title\" content=\"D\u00cdA DE LA INDEPENDENCIA DE M\u00c9XICO | The Beach Tulum Hotel\" \/>\n<meta property=\"og:description\" content=\"Un error com\u00fan en los EE.UU. y Canad\u00e1 es que creen que el 5 de mayo de alias Cinco de Mayo, es el D\u00eda de la Independencia de M\u00e9xico. De hecho, el 16 de septiembre, M\u00e9xico celebra el D\u00eda de la Independencia &#8211; posiblemente la fiesta nacional del pa\u00eds m\u00e1s importante. El Grito de Dolores [&hellip;]\" \/>\n<meta property=\"og:url\" content=\"https:\/\/www.thebeach-tulum.com\/es\/blog\/dia-de-la-independencia-de-mexico\/\" \/>\n<meta property=\"og:site_name\" content=\"The Beach Tulum Hotel\" \/>\n<meta property=\"article:published_time\" content=\"2017-10-25T00:00:00+00:00\" \/>\n<meta property=\"article:modified_time\" content=\"2021-10-27T13:22:27+00:00\" \/>\n<meta property=\"og:image\" content=\"https:\/\/www.thebeach-tulum.com\/wp-content\/uploads\/2021\/10\/Mexican-Independence-Day-September-16-Image-1.jpg\" \/>\n\t<meta property=\"og:image:width\" content=\"1280\" \/>\n\t<meta property=\"og:image:height\" content=\"851\" \/>\n\t<meta property=\"og:image:type\" content=\"image\/jpeg\" \/>\n<meta name=\"author\" content=\"TheBeachTulum\" \/>\n<meta name=\"twitter:card\" content=\"summary_large_image\" \/>\n<meta name=\"twitter:label1\" content=\"Escrito por\" \/>\n\t<meta name=\"twitter:data1\" content=\"TheBeachTulum\" \/>\n\t<meta name=\"twitter:label2\" content=\"Tiempo de lectura\" \/>\n\t<meta name=\"twitter:data2\" content=\"2 minutos\" \/>\n<!-- \/ Yoast SEO plugin. -->","yoast_head_json":{"title":"D\u00cdA DE LA INDEPENDENCIA DE M\u00c9XICO | The Beach Tulum Hotel","robots":{"index":"index","follow":"follow","max-snippet":"max-snippet:-1","max-image-preview":"max-image-preview:large","max-video-preview":"max-video-preview:-1"},"canonical":"https:\/\/www.thebeach-tulum.com\/es\/blog\/dia-de-la-independencia-de-mexico\/","og_locale":"es_ES","og_type":"article","og_title":"D\u00cdA DE LA INDEPENDENCIA DE M\u00c9XICO | The Beach Tulum Hotel","og_description":"Un error com\u00fan en los EE.UU. y Canad\u00e1 es que creen que el 5 de mayo de alias Cinco de Mayo, es el D\u00eda de la Independencia de M\u00e9xico. De hecho, el 16 de septiembre, M\u00e9xico celebra el D\u00eda de la Independencia &#8211; posiblemente la fiesta nacional del pa\u00eds m\u00e1s importante. El Grito de Dolores [&hellip;]","og_url":"https:\/\/www.thebeach-tulum.com\/es\/blog\/dia-de-la-independencia-de-mexico\/","og_site_name":"The Beach Tulum Hotel","article_published_time":"2017-10-25T00:00:00+00:00","article_modified_time":"2021-10-27T13:22:27+00:00","og_image":[{"width":1280,"height":851,"url":"https:\/\/www.thebeach-tulum.com\/wp-content\/uploads\/2021\/10\/Mexican-Independence-Day-September-16-Image-1.jpg","type":"image\/jpeg"}],"author":"TheBeachTulum","twitter_card":"summary_large_image","twitter_misc":{"Escrito por":"TheBeachTulum","Tiempo de lectura":"2 minutos"},"schema":{"@context":"https:\/\/schema.org","@graph":[{"@type":"Article","@id":"https:\/\/www.thebeach-tulum.com\/es\/blog\/dia-de-la-independencia-de-mexico\/#article","isPartOf":{"@id":"https:\/\/www.thebeach-tulum.com\/es\/blog\/dia-de-la-independencia-de-mexico\/"},"author":{"name":"TheBeachTulum","@id":"https:\/\/www.thebeach-tulum.com\/es\/#\/schema\/person\/a78dd11feb9d4882b0daed8590e4f018"},"headline":"D\u00cdA DE LA INDEPENDENCIA DE M\u00c9XICO","datePublished":"2017-10-25T00:00:00+00:00","dateModified":"2021-10-27T13:22:27+00:00","mainEntityOfPage":{"@id":"https:\/\/www.thebeach-tulum.com\/es\/blog\/dia-de-la-independencia-de-mexico\/"},"wordCount":390,"publisher":{"@id":"https:\/\/www.thebeach-tulum.com\/es\/#organization"},"image":{"@id":"https:\/\/www.thebeach-tulum.com\/es\/blog\/dia-de-la-independencia-de-mexico\/#primaryimage"},"thumbnailUrl":"https:\/\/www.thebeach-tulum.com\/wp-content\/uploads\/2021\/10\/Mexican-Independence-Day-September-16-Image-1.jpg","articleSection":["Blog"],"inLanguage":"es"},{"@type":"WebPage","@id":"https:\/\/www.thebeach-tulum.com\/es\/blog\/dia-de-la-independencia-de-mexico\/","url":"https:\/\/www.thebeach-tulum.com\/es\/blog\/dia-de-la-independencia-de-mexico\/","name":"D\u00cdA DE LA INDEPENDENCIA DE M\u00c9XICO | The Beach Tulum Hotel","isPartOf":{"@id":"https:\/\/www.thebeach-tulum.com\/es\/#website"},"primaryImageOfPage":{"@id":"https:\/\/www.thebeach-tulum.com\/es\/blog\/dia-de-la-independencia-de-mexico\/#primaryimage"},"image":{"@id":"https:\/\/www.thebeach-tulum.com\/es\/blog\/dia-de-la-independencia-de-mexico\/#primaryimage"},"thumbnailUrl":"https:\/\/www.thebeach-tulum.com\/wp-content\/uploads\/2021\/10\/Mexican-Independence-Day-September-16-Image-1.jpg","datePublished":"2017-10-25T00:00:00+00:00","dateModified":"2021-10-27T13:22:27+00:00","breadcrumb":{"@id":"https:\/\/www.thebeach-tulum.com\/es\/blog\/dia-de-la-independencia-de-mexico\/#breadcrumb"},"inLanguage":"es","potentialAction":[{"@type":"ReadAction","target":["https:\/\/www.thebeach-tulum.com\/es\/blog\/dia-de-la-independencia-de-mexico\/"]}]},{"@type":"ImageObject","inLanguage":"es","@id":"https:\/\/www.thebeach-tulum.com\/es\/blog\/dia-de-la-independencia-de-mexico\/#primaryimage","url":"https:\/\/www.thebeach-tulum.com\/wp-content\/uploads\/2021\/10\/Mexican-Independence-Day-September-16-Image-1.jpg","contentUrl":"https:\/\/www.thebeach-tulum.com\/wp-content\/uploads\/2021\/10\/Mexican-Independence-Day-September-16-Image-1.jpg","width":1280,"height":851},{"@type":"BreadcrumbList","@id":"https:\/\/www.thebeach-tulum.com\/es\/blog\/dia-de-la-independencia-de-mexico\/#breadcrumb","itemListElement":[{"@type":"ListItem","position":1,"name":"Home","item":"https:\/\/www.thebeach-tulum.com\/es\/"},{"@type":"ListItem","position":2,"name":"D\u00cdA DE LA INDEPENDENCIA DE M\u00c9XICO"}]},{"@type":"WebSite","@id":"https:\/\/www.thebeach-tulum.com\/es\/#website","url":"https:\/\/www.thebeach-tulum.com\/es\/","name":"The Beach Tulum Hotel","description":"Adult only Hotel in Tulum, Riviera Maya","publisher":{"@id":"https:\/\/www.thebeach-tulum.com\/es\/#organization"},"potentialAction":[{"@type":"SearchAction","target":{"@type":"EntryPoint","urlTemplate":"https:\/\/www.thebeach-tulum.com\/es\/?s={search_term_string}"},"query-input":{"@type":"PropertyValueSpecification","valueRequired":true,"valueName":"search_term_string"}}],"inLanguage":"es"},{"@type":"Organization","@id":"https:\/\/www.thebeach-tulum.com\/es\/#organization","name":"The Beach Tulum Hotel","url":"https:\/\/www.thebeach-tulum.com\/es\/","logo":{"@type":"ImageObject","inLanguage":"es","@id":"https:\/\/www.thebeach-tulum.com\/es\/#\/schema\/logo\/image\/","url":"https:\/\/www.thebeach-tulum.com\/wp-content\/uploads\/2021\/05\/the-beach-tulum_logo_blue.png","contentUrl":"https:\/\/www.thebeach-tulum.com\/wp-content\/uploads\/2021\/05\/the-beach-tulum_logo_blue.png","width":295,"height":100,"caption":"The Beach Tulum Hotel"},"image":{"@id":"https:\/\/www.thebeach-tulum.com\/es\/#\/schema\/logo\/image\/"}},{"@type":"Person","@id":"https:\/\/www.thebeach-tulum.com\/es\/#\/schema\/person\/a78dd11feb9d4882b0daed8590e4f018","name":"TheBeachTulum","image":{"@type":"ImageObject","inLanguage":"es","@id":"https:\/\/www.thebeach-tulum.com\/es\/#\/schema\/person\/image\/","url":"https:\/\/secure.gravatar.com\/avatar\/d073912a9c36c6ed278eb5d68e53817572b13ddc80c619e082821df34a0c04f0?s=96&d=mm&r=g","contentUrl":"https:\/\/secure.gravatar.com\/avatar\/d073912a9c36c6ed278eb5d68e53817572b13ddc80c619e082821df34a0c04f0?s=96&d=mm&r=g","caption":"TheBeachTulum"}}]}},"uagb_featured_image_src":{"full":["https:\/\/www.thebeach-tulum.com\/wp-content\/uploads\/2021\/10\/Mexican-Independence-Day-September-16-Image-1.jpg",1280,851,false],"thumbnail":["https:\/\/www.thebeach-tulum.com\/wp-content\/uploads\/2021\/10\/Mexican-Independence-Day-September-16-Image-1-150x150.jpg",150,150,true],"medium":["https:\/\/www.thebeach-tulum.com\/wp-content\/uploads\/2021\/10\/Mexican-Independence-Day-September-16-Image-1-300x199.jpg",300,199,true],"medium_large":["https:\/\/www.thebeach-tulum.com\/wp-content\/uploads\/2021\/10\/Mexican-Independence-Day-September-16-Image-1-768x511.jpg",768,511,true],"large":["https:\/\/www.thebeach-tulum.com\/wp-content\/uploads\/2021\/10\/Mexican-Independence-Day-September-16-Image-1.jpg",1280,851,false],"gs-tiny":["https:\/\/www.thebeach-tulum.com\/wp-content\/uploads\/2021\/10\/Mexican-Independence-Day-September-16-Image-1.jpg",50,33,false],"xl":["https:\/\/www.thebeach-tulum.com\/wp-content\/uploads\/2021\/10\/Mexican-Independence-Day-September-16-Image-1.jpg",1280,851,false],"xxl":["https:\/\/www.thebeach-tulum.com\/wp-content\/uploads\/2021\/10\/Mexican-Independence-Day-September-16-Image-1.jpg",1280,851,false],"xxxl":["https:\/\/www.thebeach-tulum.com\/wp-content\/uploads\/2021\/10\/Mexican-Independence-Day-September-16-Image-1.jpg",1280,851,false],"xxxxl":["https:\/\/www.thebeach-tulum.com\/wp-content\/uploads\/2021\/10\/Mexican-Independence-Day-September-16-Image-1.jpg",1280,851,false],"xxxxxl":["https:\/\/www.thebeach-tulum.com\/wp-content\/uploads\/2021\/10\/Mexican-Independence-Day-September-16-Image-1.jpg",1280,851,false],"1536x1536":["https:\/\/www.thebeach-tulum.com\/wp-content\/uploads\/2021\/10\/Mexican-Independence-Day-September-16-Image-1.jpg",1280,851,false],"2048x2048":["https:\/\/www.thebeach-tulum.com\/wp-content\/uploads\/2021\/10\/Mexican-Independence-Day-September-16-Image-1.jpg",1280,851,false],"es_600":["https:\/\/www.thebeach-tulum.com\/wp-content\/uploads\/2021\/10\/Mexican-Independence-Day-September-16-Image-1-600x399.jpg",600,399,true],"es_1024":["https:\/\/www.thebeach-tulum.com\/wp-content\/uploads\/2021\/10\/Mexican-Independence-Day-September-16-Image-1-1024x681.jpg",1024,681,true],"es_1200":["https:\/\/www.thebeach-tulum.com\/wp-content\/uploads\/2021\/10\/Mexican-Independence-Day-September-16-Image-1-1200x798.jpg",1200,798,true],"blog":["https:\/\/www.thebeach-tulum.com\/wp-content\/uploads\/2021\/10\/Mexican-Independence-Day-September-16-Image-1-1024x683.jpg",1024,683,true],"gallery_es":["https:\/\/www.thebeach-tulum.com\/wp-content\/uploads\/2021\/10\/Mexican-Independence-Day-September-16-Image-1.jpg",800,532,false]},"uagb_author_info":{"display_name":"TheBeachTulum","author_link":"https:\/\/www.thebeach-tulum.com\/es\/author\/thebeachtulum\/"},"uagb_comment_info":0,"uagb_excerpt":"Un error com\u00fan en los EE.UU. y Canad\u00e1 es que creen que el 5 de mayo de alias Cinco de Mayo, es el D\u00eda de la Independencia de M\u00e9xico. De hecho, el 16 de septiembre, M\u00e9xico celebra el D\u00eda de la Independencia &#8211; posiblemente la fiesta nacional del pa\u00eds m\u00e1s importante. El Grito de Dolores&hellip;","_links":{"self":[{"href":"https:\/\/www.thebeach-tulum.com\/es\/wp-json\/wp\/v2\/posts\/6708","targetHints":{"allow":["GET"]}}],"collection":[{"href":"https:\/\/www.thebeach-tulum.com\/es\/wp-json\/wp\/v2\/posts"}],"about":[{"href":"https:\/\/www.thebeach-tulum.com\/es\/wp-json\/wp\/v2\/types\/post"}],"author":[{"embeddable":true,"href":"https:\/\/www.thebeach-tulum.com\/es\/wp-json\/wp\/v2\/users\/5"}],"replies":[{"embeddable":true,"href":"https:\/\/www.thebeach-tulum.com\/es\/wp-json\/wp\/v2\/comments?post=6708"}],"version-history":[{"count":0,"href":"https:\/\/www.thebeach-tulum.com\/es\/wp-json\/wp\/v2\/posts\/6708\/revisions"}],"wp:featuredmedia":[{"embeddable":true,"href":"https:\/\/www.thebeach-tulum.com\/es\/wp-json\/wp\/v2\/media\/6488"}],"wp:attachment":[{"href":"https:\/\/www.thebeach-tulum.com\/es\/wp-json\/wp\/v2\/media?parent=6708"}],"wp:term":[{"taxonomy":"category","embeddable":true,"href":"https:\/\/www.thebeach-tulum.com\/es\/wp-json\/wp\/v2\/categories?post=6708"},{"taxonomy":"post_tag","embeddable":true,"href":"https:\/\/www.thebeach-tulum.com\/es\/wp-json\/wp\/v2\/tags?post=6708"}],"curies":[{"name":"wp","href":"https:\/\/api.w.org\/{rel}","templated":true}]}}