{"id":6709,"date":"2017-10-25T00:00:00","date_gmt":"2017-10-25T00:00:00","guid":{"rendered":"\/\/www.thebeach-tulum.com\/equinoccio-de-otono-en-tulum\/"},"modified":"2021-10-27T13:22:27","modified_gmt":"2021-10-27T13:22:27","slug":"equinoccio-de-otono-en-tulum","status":"publish","type":"post","link":"https:\/\/www.thebeach-tulum.com\/es\/blog\/equinoccio-de-otono-en-tulum\/","title":{"rendered":"EQUINOCCIO DE OTO\u00d1O EN TULUM"},"content":{"rendered":"<p>23 de septiembre marcar\u00e1 Equinoccio de Oto\u00f1o de 2014, uno de 2 veces en el a\u00f1o cuando el Sol pasa por el centro del Ecuador de la Tierra y cuando el d\u00eda y la noche tienen la misma duraci\u00f3n. Los antiguos mayas predijeron las fechas del equinoccio con gran precisi\u00f3n, a menudo orientaban sus edificios para apuntar hacia los equinoccios de tal manera que un haz de luz solar pasara trav\u00e9s de ventanas o puertas. Los antiguos mayas utilizaron los equinoccios como indicadores para cuando llegaba el momento de plantar o cosechar sus cultivos.<\/p>\n<div class=\"center\"><img decoding=\"async\" class=\"aligncenter\" src=\"https:\/\/www.thebeach-tulum.com\/assets\/images\/blog\/033\/equinox_mexico.jpg\" alt=\"The Beach Tulum\" align=\"center\" \/><\/div>\n<p><b>El equinoccio de oto\u00f1o<\/b>\u00a0es un buen momento para ser un visitante de los hoteles en Tulum por las siguientes razones:<\/p>\n<p>Las temperaturas diurnas bajan de las extremas temperaturas de verano, a temperaturas m\u00e1s tolerables en el rango de los 80 grados F.<br \/>\nLa temporada de lluvias est\u00e1 por terminar, lo que significa menos posibilidades de un hurac\u00e1n o el clima excesivamente h\u00famedo.<br \/>\nLas tarifas de los hoteles son los mas bajos de todo el a\u00f1o y muchos proveedores tur\u00edsticos y los restaurantes ofrecen ofertas especiales para atraer a los viajeros fuera de temporada<\/p>\n<p><b>Tulum<\/b>\u00a0es la meca de los viajeros espiritualmente-centrados y con ideas afines encontrar\u00e1 varias ceremonias o eventos con tem\u00e1tica de equinoccio para aprovechar las buenas vibraciones y la paz que a muchos les brinda esta \u00e9poca del a\u00f1o.<\/p>\n<div class=\"center\"><img decoding=\"async\" class=\"aligncenter\" src=\"https:\/\/www.thebeach-tulum.com\/assets\/images\/blog\/033\/Tulum_equinox_mexico.jpg\" alt=\"The Beach Tulum\" align=\"center\" \/><\/div>\n<p>Los sitios arqueol\u00f3gicos de Tulum, Cob\u00e1 y Chich\u00e9n Itz\u00e1 son lugares especiales para visitar en cualquier \u00e9poca del a\u00f1o, pero especialmente en los equinoccios, los gu\u00edas pueden se\u00f1alar los fen\u00f3menos especiales que se producen s\u00f3lo durante los equinoccios. En Tulum, haces de luz del sol pasan a trav\u00e9s de las ventanas de los edificios construidos especialmente para &#8220;atrapar&#8221; el equinoccio. En Chichen Itza, la luz dirigida a lo largo de la longitud de los escalones de la pir\u00e1mide principal hace parecer que una serpiente avanza hacia abajo de la piramide.<\/p>\n<p>Durante el equinoccio de oto\u00f1o, los viajeros pueden aprovechar las bajas tarifas de avi\u00f3n, bajos precios de los\u00a0<a href=\"https:\/\/www.thebeach-tulum.com\/es\/habitaciones-y-tarifas\">hoteles en Tulum<\/a>\u00a0y una experiencia tur\u00edstica con menos gente mientras disfruta de uno de los momentos m\u00e1s armoniosas y pac\u00edficos en la revoluci\u00f3n de nuestra tierra alrededor del sol.<\/p>\n","protected":false},"excerpt":{"rendered":"<p>23 de septiembre marcar\u00e1 Equinoccio de Oto\u00f1o de 2014, uno de 2 veces en el a\u00f1o cuando el Sol pasa por el centro del Ecuador de la Tierra y cuando el d\u00eda y la noche tienen la misma duraci\u00f3n. Los antiguos mayas predijeron las fechas del equinoccio con gran precisi\u00f3n, a menudo orientaban sus edificios [&hellip;]<\/p>\n","protected":false},"author":5,"featured_media":6492,"comment_status":"closed","ping_status":"closed","sticky":false,"template":"","format":"standard","meta":{"_acf_changed":false,"_uag_custom_page_level_css":"","site-sidebar-layout":"default","site-content-layout":"","ast-site-content-layout":"","site-content-style":"default","site-sidebar-style":"default","ast-global-header-display":"","ast-banner-title-visibility":"","ast-main-header-display":"","ast-hfb-above-header-display":"","ast-hfb-below-header-display":"","ast-hfb-mobile-header-display":"","site-post-title":"","ast-breadcrumbs-content":"","ast-featured-img":"","footer-sml-layout":"","theme-transparent-header-meta":"","adv-header-id-meta":"","stick-header-meta":"","header-above-stick-meta":"","header-main-stick-meta":"","header-below-stick-meta":"","astra-migrate-meta-layouts":"default","ast-page-background-enabled":"default","ast-page-background-meta":{"desktop":{"background-color":"","background-image":"","background-repeat":"repeat","background-position":"center center","background-size":"auto","background-attachment":"scroll","background-type":"","background-media":"","overlay-type":"","overlay-color":"","overlay-opacity":"","overlay-gradient":""},"tablet":{"background-color":"","background-image":"","background-repeat":"repeat","background-position":"center center","background-size":"auto","background-attachment":"scroll","background-type":"","background-media":"","overlay-type":"","overlay-color":"","overlay-opacity":"","overlay-gradient":""},"mobile":{"background-color":"","background-image":"","background-repeat":"repeat","background-position":"center center","background-size":"auto","background-attachment":"scroll","background-type":"","background-media":"","overlay-type":"","overlay-color":"","overlay-opacity":"","overlay-gradient":""}},"ast-content-background-meta":{"desktop":{"background-color":"var(--ast-global-color-5)","background-image":"","background-repeat":"repeat","background-position":"center center","background-size":"auto","background-attachment":"scroll","background-type":"","background-media":"","overlay-type":"","overlay-color":"","overlay-opacity":"","overlay-gradient":""},"tablet":{"background-color":"var(--ast-global-color-5)","background-image":"","background-repeat":"repeat","background-position":"center center","background-size":"auto","background-attachment":"scroll","background-type":"","background-media":"","overlay-type":"","overlay-color":"","overlay-opacity":"","overlay-gradient":""},"mobile":{"background-color":"var(--ast-global-color-5)","background-image":"","background-repeat":"repeat","background-position":"center center","background-size":"auto","background-attachment":"scroll","background-type":"","background-media":"","overlay-type":"","overlay-color":"","overlay-opacity":"","overlay-gradient":""}},"pgc_sgb_lightbox_settings":"","footnotes":""},"categories":[3],"tags":[],"class_list":["post-6709","post","type-post","status-publish","format-standard","has-post-thumbnail","hentry","category-blog"],"acf":[],"yoast_head":"<!-- This site is optimized with the Yoast SEO plugin v24.2 - https:\/\/yoast.com\/wordpress\/plugins\/seo\/ -->\n<title>EQUINOCCIO DE OTO\u00d1O EN TULUM | The Beach Tulum Hotel<\/title>\n<meta name=\"robots\" content=\"index, follow, max-snippet:-1, max-image-preview:large, max-video-preview:-1\" \/>\n<link rel=\"canonical\" href=\"https:\/\/www.thebeach-tulum.com\/es\/blog\/equinoccio-de-otono-en-tulum\/\" \/>\n<meta property=\"og:locale\" content=\"es_ES\" \/>\n<meta property=\"og:type\" content=\"article\" \/>\n<meta property=\"og:title\" content=\"EQUINOCCIO DE OTO\u00d1O EN TULUM | The Beach Tulum Hotel\" \/>\n<meta property=\"og:description\" content=\"23 de septiembre marcar\u00e1 Equinoccio de Oto\u00f1o de 2014, uno de 2 veces en el a\u00f1o cuando el Sol pasa por el centro del Ecuador de la Tierra y cuando el d\u00eda y la noche tienen la misma duraci\u00f3n. Los antiguos mayas predijeron las fechas del equinoccio con gran precisi\u00f3n, a menudo orientaban sus edificios [&hellip;]\" \/>\n<meta property=\"og:url\" content=\"https:\/\/www.thebeach-tulum.com\/es\/blog\/equinoccio-de-otono-en-tulum\/\" \/>\n<meta property=\"og:site_name\" content=\"The Beach Tulum Hotel\" \/>\n<meta property=\"article:published_time\" content=\"2017-10-25T00:00:00+00:00\" \/>\n<meta property=\"article:modified_time\" content=\"2021-10-27T13:22:27+00:00\" \/>\n<meta property=\"og:image\" content=\"https:\/\/www.thebeach-tulum.com\/wp-content\/uploads\/2021\/10\/57e0350258f56.image_-1.jpg\" \/>\n\t<meta property=\"og:image:width\" content=\"1200\" \/>\n\t<meta property=\"og:image:height\" content=\"675\" \/>\n\t<meta property=\"og:image:type\" content=\"image\/jpeg\" \/>\n<meta name=\"author\" content=\"TheBeachTulum\" \/>\n<meta name=\"twitter:card\" content=\"summary_large_image\" \/>\n<meta name=\"twitter:label1\" content=\"Escrito por\" \/>\n\t<meta name=\"twitter:data1\" content=\"TheBeachTulum\" \/>\n\t<meta name=\"twitter:label2\" content=\"Tiempo de lectura\" \/>\n\t<meta name=\"twitter:data2\" content=\"2 minutos\" \/>\n<!-- \/ Yoast SEO plugin. -->","yoast_head_json":{"title":"EQUINOCCIO DE OTO\u00d1O EN TULUM | The Beach Tulum Hotel","robots":{"index":"index","follow":"follow","max-snippet":"max-snippet:-1","max-image-preview":"max-image-preview:large","max-video-preview":"max-video-preview:-1"},"canonical":"https:\/\/www.thebeach-tulum.com\/es\/blog\/equinoccio-de-otono-en-tulum\/","og_locale":"es_ES","og_type":"article","og_title":"EQUINOCCIO DE OTO\u00d1O EN TULUM | The Beach Tulum Hotel","og_description":"23 de septiembre marcar\u00e1 Equinoccio de Oto\u00f1o de 2014, uno de 2 veces en el a\u00f1o cuando el Sol pasa por el centro del Ecuador de la Tierra y cuando el d\u00eda y la noche tienen la misma duraci\u00f3n. Los antiguos mayas predijeron las fechas del equinoccio con gran precisi\u00f3n, a menudo orientaban sus edificios [&hellip;]","og_url":"https:\/\/www.thebeach-tulum.com\/es\/blog\/equinoccio-de-otono-en-tulum\/","og_site_name":"The Beach Tulum Hotel","article_published_time":"2017-10-25T00:00:00+00:00","article_modified_time":"2021-10-27T13:22:27+00:00","og_image":[{"width":1200,"height":675,"url":"https:\/\/www.thebeach-tulum.com\/wp-content\/uploads\/2021\/10\/57e0350258f56.image_-1.jpg","type":"image\/jpeg"}],"author":"TheBeachTulum","twitter_card":"summary_large_image","twitter_misc":{"Escrito por":"TheBeachTulum","Tiempo de lectura":"2 minutos"},"schema":{"@context":"https:\/\/schema.org","@graph":[{"@type":"Article","@id":"https:\/\/www.thebeach-tulum.com\/es\/blog\/equinoccio-de-otono-en-tulum\/#article","isPartOf":{"@id":"https:\/\/www.thebeach-tulum.com\/es\/blog\/equinoccio-de-otono-en-tulum\/"},"author":{"name":"TheBeachTulum","@id":"https:\/\/www.thebeach-tulum.com\/es\/#\/schema\/person\/a78dd11feb9d4882b0daed8590e4f018"},"headline":"EQUINOCCIO DE OTO\u00d1O EN TULUM","datePublished":"2017-10-25T00:00:00+00:00","dateModified":"2021-10-27T13:22:27+00:00","mainEntityOfPage":{"@id":"https:\/\/www.thebeach-tulum.com\/es\/blog\/equinoccio-de-otono-en-tulum\/"},"wordCount":395,"publisher":{"@id":"https:\/\/www.thebeach-tulum.com\/es\/#organization"},"image":{"@id":"https:\/\/www.thebeach-tulum.com\/es\/blog\/equinoccio-de-otono-en-tulum\/#primaryimage"},"thumbnailUrl":"https:\/\/www.thebeach-tulum.com\/wp-content\/uploads\/2021\/10\/57e0350258f56.image_-1.jpg","articleSection":["Blog"],"inLanguage":"es"},{"@type":"WebPage","@id":"https:\/\/www.thebeach-tulum.com\/es\/blog\/equinoccio-de-otono-en-tulum\/","url":"https:\/\/www.thebeach-tulum.com\/es\/blog\/equinoccio-de-otono-en-tulum\/","name":"EQUINOCCIO DE OTO\u00d1O EN TULUM | The Beach Tulum Hotel","isPartOf":{"@id":"https:\/\/www.thebeach-tulum.com\/es\/#website"},"primaryImageOfPage":{"@id":"https:\/\/www.thebeach-tulum.com\/es\/blog\/equinoccio-de-otono-en-tulum\/#primaryimage"},"image":{"@id":"https:\/\/www.thebeach-tulum.com\/es\/blog\/equinoccio-de-otono-en-tulum\/#primaryimage"},"thumbnailUrl":"https:\/\/www.thebeach-tulum.com\/wp-content\/uploads\/2021\/10\/57e0350258f56.image_-1.jpg","datePublished":"2017-10-25T00:00:00+00:00","dateModified":"2021-10-27T13:22:27+00:00","breadcrumb":{"@id":"https:\/\/www.thebeach-tulum.com\/es\/blog\/equinoccio-de-otono-en-tulum\/#breadcrumb"},"inLanguage":"es","potentialAction":[{"@type":"ReadAction","target":["https:\/\/www.thebeach-tulum.com\/es\/blog\/equinoccio-de-otono-en-tulum\/"]}]},{"@type":"ImageObject","inLanguage":"es","@id":"https:\/\/www.thebeach-tulum.com\/es\/blog\/equinoccio-de-otono-en-tulum\/#primaryimage","url":"https:\/\/www.thebeach-tulum.com\/wp-content\/uploads\/2021\/10\/57e0350258f56.image_-1.jpg","contentUrl":"https:\/\/www.thebeach-tulum.com\/wp-content\/uploads\/2021\/10\/57e0350258f56.image_-1.jpg","width":1200,"height":675},{"@type":"BreadcrumbList","@id":"https:\/\/www.thebeach-tulum.com\/es\/blog\/equinoccio-de-otono-en-tulum\/#breadcrumb","itemListElement":[{"@type":"ListItem","position":1,"name":"Home","item":"https:\/\/www.thebeach-tulum.com\/es\/"},{"@type":"ListItem","position":2,"name":"EQUINOCCIO DE OTO\u00d1O EN TULUM"}]},{"@type":"WebSite","@id":"https:\/\/www.thebeach-tulum.com\/es\/#website","url":"https:\/\/www.thebeach-tulum.com\/es\/","name":"The Beach Tulum Hotel","description":"Adult only Hotel in Tulum, Riviera Maya","publisher":{"@id":"https:\/\/www.thebeach-tulum.com\/es\/#organization"},"potentialAction":[{"@type":"SearchAction","target":{"@type":"EntryPoint","urlTemplate":"https:\/\/www.thebeach-tulum.com\/es\/?s={search_term_string}"},"query-input":{"@type":"PropertyValueSpecification","valueRequired":true,"valueName":"search_term_string"}}],"inLanguage":"es"},{"@type":"Organization","@id":"https:\/\/www.thebeach-tulum.com\/es\/#organization","name":"The Beach Tulum Hotel","url":"https:\/\/www.thebeach-tulum.com\/es\/","logo":{"@type":"ImageObject","inLanguage":"es","@id":"https:\/\/www.thebeach-tulum.com\/es\/#\/schema\/logo\/image\/","url":"https:\/\/www.thebeach-tulum.com\/wp-content\/uploads\/2021\/05\/the-beach-tulum_logo_blue.png","contentUrl":"https:\/\/www.thebeach-tulum.com\/wp-content\/uploads\/2021\/05\/the-beach-tulum_logo_blue.png","width":295,"height":100,"caption":"The Beach Tulum Hotel"},"image":{"@id":"https:\/\/www.thebeach-tulum.com\/es\/#\/schema\/logo\/image\/"}},{"@type":"Person","@id":"https:\/\/www.thebeach-tulum.com\/es\/#\/schema\/person\/a78dd11feb9d4882b0daed8590e4f018","name":"TheBeachTulum","image":{"@type":"ImageObject","inLanguage":"es","@id":"https:\/\/www.thebeach-tulum.com\/es\/#\/schema\/person\/image\/","url":"https:\/\/secure.gravatar.com\/avatar\/d073912a9c36c6ed278eb5d68e53817572b13ddc80c619e082821df34a0c04f0?s=96&d=mm&r=g","contentUrl":"https:\/\/secure.gravatar.com\/avatar\/d073912a9c36c6ed278eb5d68e53817572b13ddc80c619e082821df34a0c04f0?s=96&d=mm&r=g","caption":"TheBeachTulum"}}]}},"uagb_featured_image_src":{"full":["https:\/\/www.thebeach-tulum.com\/wp-content\/uploads\/2021\/10\/57e0350258f56.image_-1.jpg",1200,675,false],"thumbnail":["https:\/\/www.thebeach-tulum.com\/wp-content\/uploads\/2021\/10\/57e0350258f56.image_-1-150x150.jpg",150,150,true],"medium":["https:\/\/www.thebeach-tulum.com\/wp-content\/uploads\/2021\/10\/57e0350258f56.image_-1-300x169.jpg",300,169,true],"medium_large":["https:\/\/www.thebeach-tulum.com\/wp-content\/uploads\/2021\/10\/57e0350258f56.image_-1-768x432.jpg",768,432,true],"large":["https:\/\/www.thebeach-tulum.com\/wp-content\/uploads\/2021\/10\/57e0350258f56.image_-1.jpg",1200,675,false],"gs-tiny":["https:\/\/www.thebeach-tulum.com\/wp-content\/uploads\/2021\/10\/57e0350258f56.image_-1.jpg",50,28,false],"xl":["https:\/\/www.thebeach-tulum.com\/wp-content\/uploads\/2021\/10\/57e0350258f56.image_-1.jpg",1200,675,false],"xxl":["https:\/\/www.thebeach-tulum.com\/wp-content\/uploads\/2021\/10\/57e0350258f56.image_-1.jpg",1200,675,false],"xxxl":["https:\/\/www.thebeach-tulum.com\/wp-content\/uploads\/2021\/10\/57e0350258f56.image_-1.jpg",1200,675,false],"xxxxl":["https:\/\/www.thebeach-tulum.com\/wp-content\/uploads\/2021\/10\/57e0350258f56.image_-1.jpg",1200,675,false],"xxxxxl":["https:\/\/www.thebeach-tulum.com\/wp-content\/uploads\/2021\/10\/57e0350258f56.image_-1.jpg",1200,675,false],"1536x1536":["https:\/\/www.thebeach-tulum.com\/wp-content\/uploads\/2021\/10\/57e0350258f56.image_-1.jpg",1200,675,false],"2048x2048":["https:\/\/www.thebeach-tulum.com\/wp-content\/uploads\/2021\/10\/57e0350258f56.image_-1.jpg",1200,675,false],"es_600":["https:\/\/www.thebeach-tulum.com\/wp-content\/uploads\/2021\/10\/57e0350258f56.image_-1-600x338.jpg",600,338,true],"es_1024":["https:\/\/www.thebeach-tulum.com\/wp-content\/uploads\/2021\/10\/57e0350258f56.image_-1-1024x576.jpg",1024,576,true],"es_1200":["https:\/\/www.thebeach-tulum.com\/wp-content\/uploads\/2021\/10\/57e0350258f56.image_-1.jpg",1200,675,false],"blog":["https:\/\/www.thebeach-tulum.com\/wp-content\/uploads\/2021\/10\/57e0350258f56.image_-1-1024x675.jpg",1024,675,true],"gallery_es":["https:\/\/www.thebeach-tulum.com\/wp-content\/uploads\/2021\/10\/57e0350258f56.image_-1.jpg",800,450,false]},"uagb_author_info":{"display_name":"TheBeachTulum","author_link":"https:\/\/www.thebeach-tulum.com\/es\/author\/thebeachtulum\/"},"uagb_comment_info":0,"uagb_excerpt":"23 de septiembre marcar\u00e1 Equinoccio de Oto\u00f1o de 2014, uno de 2 veces en el a\u00f1o cuando el Sol pasa por el centro del Ecuador de la Tierra y cuando el d\u00eda y la noche tienen la misma duraci\u00f3n. Los antiguos mayas predijeron las fechas del equinoccio con gran precisi\u00f3n, a menudo orientaban sus edificios&hellip;","_links":{"self":[{"href":"https:\/\/www.thebeach-tulum.com\/es\/wp-json\/wp\/v2\/posts\/6709","targetHints":{"allow":["GET"]}}],"collection":[{"href":"https:\/\/www.thebeach-tulum.com\/es\/wp-json\/wp\/v2\/posts"}],"about":[{"href":"https:\/\/www.thebeach-tulum.com\/es\/wp-json\/wp\/v2\/types\/post"}],"author":[{"embeddable":true,"href":"https:\/\/www.thebeach-tulum.com\/es\/wp-json\/wp\/v2\/users\/5"}],"replies":[{"embeddable":true,"href":"https:\/\/www.thebeach-tulum.com\/es\/wp-json\/wp\/v2\/comments?post=6709"}],"version-history":[{"count":0,"href":"https:\/\/www.thebeach-tulum.com\/es\/wp-json\/wp\/v2\/posts\/6709\/revisions"}],"wp:featuredmedia":[{"embeddable":true,"href":"https:\/\/www.thebeach-tulum.com\/es\/wp-json\/wp\/v2\/media\/6492"}],"wp:attachment":[{"href":"https:\/\/www.thebeach-tulum.com\/es\/wp-json\/wp\/v2\/media?parent=6709"}],"wp:term":[{"taxonomy":"category","embeddable":true,"href":"https:\/\/www.thebeach-tulum.com\/es\/wp-json\/wp\/v2\/categories?post=6709"},{"taxonomy":"post_tag","embeddable":true,"href":"https:\/\/www.thebeach-tulum.com\/es\/wp-json\/wp\/v2\/tags?post=6709"}],"curies":[{"name":"wp","href":"https:\/\/api.w.org\/{rel}","templated":true}]}}